{"id":3360,"date":"2017-04-29T22:13:36","date_gmt":"2017-04-29T21:13:36","guid":{"rendered":"http:\/\/lantb.net\/figure\/?p=3360"},"modified":"2017-05-03T11:36:27","modified_gmt":"2017-05-03T10:36:27","slug":"puvis-de-chavannes-inter-artes-et-naturam","status":"publish","type":"post","link":"http:\/\/lantb.net\/figure\/?p=3360","title":{"rendered":"Pierre Puvis de Chavannes, Inter artes et naturam"},"content":{"rendered":"<p><a href=\"http:\/\/lantb.net\/figure\/wp-content\/uploads\/2017\/04\/IMG_0625.jpg\"><img loading=\"lazy\" decoding=\"async\" class=\"size-full wp-image-3364\" src=\"http:\/\/lantb.net\/figure\/wp-content\/uploads\/2017\/04\/IMG_0625.jpg\" alt=\"\" width=\"1947\" height=\"681\" srcset=\"http:\/\/lantb.net\/figure\/wp-content\/uploads\/2017\/04\/IMG_0625.jpg 1947w, http:\/\/lantb.net\/figure\/wp-content\/uploads\/2017\/04\/IMG_0625-300x105.jpg 300w, http:\/\/lantb.net\/figure\/wp-content\/uploads\/2017\/04\/IMG_0625-768x269.jpg 768w, http:\/\/lantb.net\/figure\/wp-content\/uploads\/2017\/04\/IMG_0625-640x224.jpg 640w, http:\/\/lantb.net\/figure\/wp-content\/uploads\/2017\/04\/IMG_0625-150x52.jpg 150w\" sizes=\"auto, (max-width: 1947px) 100vw, 1947px\" \/><\/a><a href=\"http:\/\/www.metmuseum.org\/art\/collection\/search\/437346\">http:\/\/www.metmuseum.org\/art\/collection\/search\/437346<br \/>\n<\/a><i>Inter artes et naturam <\/i>de\u00a0Pierre Puvis de Chavannes, 1890-95,\u00a0huile sur toile,\u00a040,3 x 113,7 cm. \u00ab\u00a0<span style=\"color: #ff00ff;\">Puvis<\/span> a fait cette r\u00e9plique \u00e0 petite \u00e9chelle d&rsquo;apr\u00e8s le panneau central d&rsquo;un triptyque qu&rsquo;il a peint pour le Mus\u00e9e des Beaux-Arts de Rouen en 1888-90. Le projet s&rsquo;inspire de la collection d&rsquo;antiquit\u00e9s du mus\u00e9e et de la c\u00e9ramique et de la poterie produites localement. Ici, les hommes exhument des fragments architecturaux classiques et les femmes d\u00e9corent la fa\u00efence sur la colline de Bonsecours, une banlieue de Rouen. Une vue panoramique sur la ville et la Seine se d\u00e9ploient au loin. L&rsquo;exposition de ces copies a contribu\u00e9 \u00e0 attirer l&rsquo;attention sur les nombreuses commandes de fresques murales de Puvis pour les b\u00e2timents publics en France; Celui-ci a \u00e9t\u00e9 montr\u00e9 pour la premi\u00e8re fois \u00e0 Pittsburgh en 1898.\u00a0\u00bb <span style=\"color: #ff00ff;\">A voir<\/span> au <span class=\"notranslate\">Metropolitan Museum of Art, <\/span>New-York et en version originale fresque, dans l&rsquo;escalier d&rsquo;honneur du Mus\u00e9e des Beaux-Arts de Rouen. <span style=\"color: #ff00ff;\">Richard Wattenmaker<\/span>, dans son article \u00ab\u00a0De l\u2019influence de Puvis de Chavannes sur Vincent Van Gogh \u00e0 la fin de sa vie\u00a0\u00bb reprend des fragments de lettres de Vincent \u00e0 son fr\u00e8re et sa s\u0153ur. D\u00e9but juin 1890, apr\u00e8s avoir vu le tableau <i>Inter artes et naturam<\/i>, Vincent le d\u00e9crit dans une lettre: \u00ab\u00a0Les personnages sont v\u00eatus de couleurs claires, et on ne sait pas si c\u2019est des costumes de maintenant ou des v\u00eatements de l\u2019antiquit\u00e9. Deux femmes, toujours en longues robes simples, causent d\u2019un c\u00f4t\u00e9, <span style=\"color: #00ccff;\">des hommes qui ont l\u2019air d\u2019artistes<\/span>, de l\u2019autre; au centre une femme, son enfant sur son bras, cueille une fleur [une pomme] sur un pommier fleuri. Une figure sera bleu myosotis, une autres citron clair, une autre rose tendre, une autre blanche, une autre violette. <span style=\"color: #00ccff;\">Le terrain<\/span>, une prairie piqu\u00e9e de fleurettes blanches et jaunes. Des lointains bleus avec une ville blanche et un fleuve. Toute l\u2019humanit\u00e9, toute la nature simplifi\u00e9e, mais comme elles pourraient \u00eatre si elles ne sont pas comme cela. <span style=\"color: #ff00ff;\">Cette description<\/span> <span style=\"color: #00ccff;\">ne dit rien<\/span> \u2014mais en voyant le tableau, en le regardant longtemps, on croirait assister \u00e0 une renaissance, totale mais bienveillante, de toutes les choses auxquelles on aurait cru qu\u2019on aurait d\u00e9sir\u00e9, une rencontre \u00e9trange et heureuse des antiquit\u00e9s fort lointaines avec<span style=\"color: #00ccff;\"> la modernit\u00e9 crue<\/span>.\u00bb <span style=\"color: #ff00ff;\">Le 20 juillet<\/span>, il \u00e9crit&nbsp;: \u00ab\u00a0\u00abJe crois qu\u2019il est possible qu\u2019une g\u00e9n\u00e9ration future sera \u2014et continuera d\u2019\u00eatre\u2014 pr\u00e9occup\u00e9e par les recherches int\u00e9ressantes sur le sujet des couleurs et sur <span style=\"color: #00ccff;\">le sentiment moderne<\/span>, et que ces recherches seront dans les lignes de Delacroix, de Puvis de Chavannes et auront autant de valeur qu\u2019elles\u2014 et que l\u2019impressionnisme en sera la source. <span style=\"color: #ff00ff;\">Je commence<\/span> \u00e0 sentir de plus en plus que l\u2019on peut consid\u00e9rer Puvis de Chavannes comme ayant autant d\u2019importance que Delacroix, qu\u2019il \u00e9quivaut enfin aux gens dont <span style=\"color: #00ccff;\">le<\/span>\u00a0<span style=\"color: #00ccff;\">style constitue un jusqu\u2019ici et pas plus loin, \u00e0 tout jamais consolant.\u00bb<\/span><\/p>\n","protected":false},"excerpt":{"rendered":"<p>http:\/\/www.metmuseum.org\/art\/collection\/search\/437346 Inter artes et naturam de\u00a0Pierre Puvis de Chavannes, 1890-95,\u00a0huile sur toile,\u00a040,3 x 113,7 cm. \u00ab\u00a0Puvis a fait cette r\u00e9plique \u00e0 petite \u00e9chelle d&rsquo;apr\u00e8s le panneau central d&rsquo;un triptyque qu&rsquo;il a peint pour le Mus\u00e9e des Beaux-Arts de Rouen en 1888-90. Le projet s&rsquo;inspire de la collection d&rsquo;antiquit\u00e9s du mus\u00e9e et de la c\u00e9ramique et &hellip; <a href=\"http:\/\/lantb.net\/figure\/?p=3360\" class=\"more-link\">Continuer la lecture de <span class=\"screen-reader-text\">Pierre Puvis de Chavannes, Inter artes et naturam<\/span><\/a><\/p>\n","protected":false},"author":1,"featured_media":0,"comment_status":"closed","ping_status":"closed","sticky":false,"template":"","format":"standard","meta":{"footnotes":""},"categories":[6,44,4],"tags":[],"class_list":["post-3360","post","type-post","status-publish","format-standard","hentry","category-artiste","category-everyday-life","category-green-attitude"],"_links":{"self":[{"href":"http:\/\/lantb.net\/figure\/index.php?rest_route=\/wp\/v2\/posts\/3360","targetHints":{"allow":["GET"]}}],"collection":[{"href":"http:\/\/lantb.net\/figure\/index.php?rest_route=\/wp\/v2\/posts"}],"about":[{"href":"http:\/\/lantb.net\/figure\/index.php?rest_route=\/wp\/v2\/types\/post"}],"author":[{"embeddable":true,"href":"http:\/\/lantb.net\/figure\/index.php?rest_route=\/wp\/v2\/users\/1"}],"replies":[{"embeddable":true,"href":"http:\/\/lantb.net\/figure\/index.php?rest_route=%2Fwp%2Fv2%2Fcomments&post=3360"}],"version-history":[{"count":21,"href":"http:\/\/lantb.net\/figure\/index.php?rest_route=\/wp\/v2\/posts\/3360\/revisions"}],"predecessor-version":[{"id":3399,"href":"http:\/\/lantb.net\/figure\/index.php?rest_route=\/wp\/v2\/posts\/3360\/revisions\/3399"}],"wp:attachment":[{"href":"http:\/\/lantb.net\/figure\/index.php?rest_route=%2Fwp%2Fv2%2Fmedia&parent=3360"}],"wp:term":[{"taxonomy":"category","embeddable":true,"href":"http:\/\/lantb.net\/figure\/index.php?rest_route=%2Fwp%2Fv2%2Fcategories&post=3360"},{"taxonomy":"post_tag","embeddable":true,"href":"http:\/\/lantb.net\/figure\/index.php?rest_route=%2Fwp%2Fv2%2Ftags&post=3360"}],"curies":[{"name":"wp","href":"https:\/\/api.w.org\/{rel}","templated":true}]}}