{"id":3263,"date":"2017-03-27T17:50:47","date_gmt":"2017-03-27T16:50:47","guid":{"rendered":"http:\/\/lantb.net\/figure\/?p=3263"},"modified":"2017-04-16T17:52:41","modified_gmt":"2017-04-16T16:52:41","slug":"jean-nouvel-pour-sauver-les-banlieues","status":"publish","type":"post","link":"http:\/\/lantb.net\/figure\/?p=3263","title":{"rendered":"Jean Nouvel. Pour sauver les banlieues&#8230;"},"content":{"rendered":"<p>Jean Nouvel&nbsp;: \u00ab Pour sauver les banlieues, il faut contenir l\u2019expansion urbaine \u00bb\u00a0Dans une tribune au \u00ab Monde \u00bb, l\u2019architecte expose les deux d\u00e9fis essentiels qui attendent le futur chef de l\u2019Etat&nbsp;: sanctuariser les terres agricoles et foresti\u00e8res&nbsp;; r\u00e9investir la banlieue et y faire le choix r\u00e9solu de la culture.<br \/>\nTRIBUNE. Hier, la politique \u00e9tait d\u00e9finie comme la science de l\u2019organisation de la cit\u00e9. Aujourd\u2019hui, il suffit de voyager de ville en ville, tout autour de la terre, pour \u00eatre frapp\u00e9 par la violence du saccage des paysages urbains et naturels, pour \u00eatre sid\u00e9r\u00e9 par le m\u00e9pris de la g\u00e9ographie, de l\u2019histoire et de l\u2019homme. Les m\u00eames causes, produisant les m\u00eames effets, ab\u00eement en profondeur l\u2019image de nos villes et l\u2019\u00e2me de notre pays.<\/p>\n<p>Sur un territoire comme la France, marqu\u00e9 par un patrimoine architectural ancestral et des sites admirables, cette attitude est sacril\u00e8ge. Le pr\u00e9sident de la R\u00e9publique est le premier des dirigeants politiques. Il peut difficilement se d\u00e9clarer insensible ou impuissant, dans ce grand domaine qu\u2019est l\u2019organisation de nos cit\u00e9s. L\u2019urbanisation, ce ph\u00e9nom\u00e8ne incontournable, doit \u00eatre dos\u00e9e et g\u00e9r\u00e9e. C\u2019est le r\u00f4le du politique de le constater, de l\u2019analyser et de le pr\u00e9voir, et c\u2019est \u00e9videmment sa responsabilit\u00e9 d\u2019imaginer dans quelles conditions il va installer et faire vivre pour longtemps tant de nouveaux arrivants, de nouvelles familles et souvent de nouveaux Fran\u00e7ais.<\/p>\n<p>Ubu-urbanisme plan\u00e9taire<\/p>\n<p>Depuis un si\u00e8cle, les d\u00e9cisions sur ce sujet ont \u00e9t\u00e9 prises dans une urgence r\u00e9p\u00e9t\u00e9e, \u00e0 la petite semaine, \u00e0 la petite \u00e9chelle des communes et des mandats\u2026 D\u00e9cisions d\u00e9l\u00e9gu\u00e9es le plus souvent \u00e0 la technostructure et \u00e0 l\u2019administration qui ont mis en \u0153uvre un syst\u00e8me simpliste&nbsp;: l\u2019application aveugle de r\u00e8gles abstraites, la s\u00e9gr\u00e9gation des fonctions sur des zones avec des densit\u00e9s et des hauteurs arbitraires. C\u2019est l\u2019Ubu-urbanisme plan\u00e9taire dont la stupidit\u00e9 ne r\u00e9side pas uniquement dans le saccage visuel mais aussi dans toutes les cons\u00e9quences v\u00e9cues&nbsp;: temps de transport d\u00e9raisonnable, pollution souvent mortelle, s\u00e9gr\u00e9gation sociale, fonctionnelle et spatiale, taille des appartements de plus en plus r\u00e9duite\u2026<\/p>\n<p>C\u2019est ainsi que le mal-vivre est programm\u00e9 avec la bonne conscience de l\u2019inconscience. En France, il atteint des sommets dans les \u00ab quartiers \u00bb dits \u00ab sociaux \u00bb, dans les zones urbaines dites \u00ab sensibles \u00bb. Depuis un demi-si\u00e8cle, les gouvernements de gauche et de droite se succ\u00e8dent et laissent pendante cette situation, depuis longtemps d\u00e9nonc\u00e9e par les sociologues et les urbanistes comme une v\u00e9ritable Cocotte-Minute pr\u00eate \u00e0 exploser sous la pression toujours grandissante des injustices sociales\u2026 La classe politique consid\u00e8re cette situation comme normale et fatale, elle est atteinte de c\u00e9cit\u00e9, comme si cela ne la concernait pas, comme si elle n\u2019avait pas de responsabilit\u00e9 sur ce sujet, comme si c\u2019\u00e9tait un pur hasard que la plupart des attentats fran\u00e7ais soient commis par de jeunes terroristes fran\u00e7ais venant de nos banlieues. Terroristes qui ont vu leurs parents vivre dans des conditions humiliantes, dans des sous-quartiers et des sous-appartements qu\u2019ils n\u2019ont pas choisis, le plus souvent en sous-travail.<\/p>\n<p>\u00ab UN PR\u00c9SIDENT DE LA R\u00c9PUBLIQUE FRAN\u00c7AISE NE PEUT PAS RESTER INDIFF\u00c9RENT \u00c0 NOTRE PATRIMOINE URBAIN ET NATUREL \u00bb<br \/>\nQui peut jurer qu\u2019adolescent il n\u2019aurait pas succomb\u00e9 \u00e0 l\u2019id\u00e9e de la vengeance vis-\u00e0-vis d\u2019une soci\u00e9t\u00e9 qui a si mal accueilli son p\u00e8re et sa m\u00e8re&nbsp;? Qui peut jurer qu\u2019il aurait r\u00e9sist\u00e9 \u00e0 devenir pour les siens un h\u00e9ros rebelle dans le refus de cette sous-condition humaine&nbsp;? Le rejet, la s\u00e9gr\u00e9gation, le non-respect d\u00e9bouchent sur la violence\u2026 L\u2019int\u00e9gration, la rencontre, l\u2019\u00e9coute calment et conduisent \u00e0 la s\u00e9curit\u00e9 et \u00e0 la s\u00e9r\u00e9nit\u00e9\u2026<\/p>\n<p>C\u2019est pourquoi le futur pr\u00e9sident devra prendre deux d\u00e9cisions vitales pour la mutation des banlieues.<\/p>\n<p>Lire aussi&nbsp;: Jean Nouvel&nbsp;: \u00ab Ce que j\u2019aime, c\u2019est l\u2019objet r\u00e9duit \u00e0 sa forme la plus arch\u00e9typale \u00bb<br \/>\nR\u00e9investir les quartiers<\/p>\n<p>La premi\u00e8re d\u00e9cision, s\u00e9curitaire, humanitaire et humaniste, consistera \u00e0 installer au plus t\u00f4t une \u00ab maison pour tous \u00bb au c\u0153ur de tous les \u00ab quartiers \u00bb, construction l\u00e9g\u00e8re et temporaire d\u2019accueil et de travail pour \u00e9laborer l\u2019int\u00e9gration et l\u2019ouverture de pr\u00e8s de 1 000 quartiers \u00e0 la vie de la m\u00e9tropole. Ce lieu d\u2019expression est conforme au sens de l\u2019Histoire, il sera l\u2019extrapolation et l\u2019amplification d\u2019exp\u00e9riences probantes comme les Maisons Folie de Wazemmes et Moulins \u00e0 Lille ou la Micro Folie \u00e0 Sevran.<\/p>\n<p>Il sera l\u00e0 pour recueillir les dol\u00e9ances et les esp\u00e9rances, pour favoriser les \u00e9changes et les m\u00e9tissages culturels, de la musique aux arts plastiques jusqu\u2019aux activit\u00e9s sportives, mais aussi pour d\u00e9velopper les espaces de travail sur place, petits commerces et ateliers, et enfin pour \u00eatre le centre de l\u2019\u00e9laboration en toute transparence de la strat\u00e9gie de transformation architecturale du lieu urbain dans les cinq ann\u00e9es \u00e0 venir. Cette main tendue sera une forme de reconnaissance de la duret\u00e9 des conditions \u00e9conomiques subie par ces habitants et dont ils ne sont pas responsables.<\/p>\n<p>Mais il n\u2019existe pas seulement le cas des quartiers \u00ab difficiles \u00bb, le mal-\u00eatre, le mal-vivre est trop souvent programm\u00e9 \u00e0 l\u2019\u00e9chelle de nos d\u00e9veloppements urbains. Quand la France arr\u00eatera-t-elle de reproduire sans fin les colossales erreurs du XXe si\u00e8cle&nbsp;? Et, quand, enfin, entrera-t-elle r\u00e9ellement dans ce XXIe si\u00e8cle qui a d\u00e9j\u00e0 pr\u00e8s de vingt ans&nbsp;? Quand inventera-t-elle sa propre m\u00e9thode de d\u00e9veloppement urbain et \u00e9noncera-t-elle des principes clairs&nbsp;? Un pr\u00e9sident de la R\u00e9publique fran\u00e7aise ne peut pas rester indiff\u00e9rent \u00e0 notre patrimoine urbain et naturel, \u00e0 nos sites mondialement admir\u00e9s, \u00e0 nos fabuleuses villes historiques, \u00e0 nos arch\u00e9ologies industrielles, \u00e0 nos jardins fran\u00e7ais d\u2019hier et d\u2019aujourd\u2019hui\u2026 Pour la France, pour prolonger son patrimoine, le pr\u00e9sident devra faire le choix de la culture, de l\u2019architecture, l\u2019art de construire des b\u00e2timents \u2013 contre celui de la construction automatique, le choix de la pr\u00e9cision construite contre celui de la prolif\u00e9ration sauvage.<\/p>\n<p>\u00ab EN FRANCE, LA MUTATION DOUCE DE NOS VILLES SERA LA RAISON D\u2019\u00caTRE DE L\u2019ARCHITECTURE DU XXIE SI\u00c8CLE \u00bb<br \/>\nLa deuxi\u00e8me d\u00e9cision fondatrice consistera \u00e0 prot\u00e9ger, \u00e0 sanctuariser les terres agricoles et foresti\u00e8res contre l\u2019expansion urbaine et \u00e0 tracer une ligne de littoral au-del\u00e0 de laquelle aucune construction ne sera autoris\u00e9e. Cette limite entre la campagne et la ville sera mat\u00e9rialis\u00e9e par une promenade, un chemin de ronde, le long des bois, des champs et des mara\u00eechages, nouveaux fleurons de notre agriculture et de notre nourriture moderne, \u00e9cologique et contr\u00f4l\u00e9e.<\/p>\n<p>Seul l\u2019Etat peut garantir cette pr\u00e9servation, les \u00e9lus locaux, trop expos\u00e9s aux pressions, auront sur ces bases tout loisir pour \u00ab \u00e9cologiser \u00bb leur commune et inventer de nouvelles attitudes singuli\u00e8res et empathiques pour les plaisirs de tous. En France, la mutation douce de nos villes sera la raison d\u2019\u00eatre de l\u2019architecture du XXIe si\u00e8cle. Cette m\u00e9thode fran\u00e7aise sera unique et favorisera les mixit\u00e9s dans les constructions existantes, lib\u00e9rera le logement de ses absurdes normes de surface et d\u00e9veloppera la copr\u00e9sence de la nature et du construit.<\/p>\n<p>Le droit \u00e0 l\u2019architecture<\/p>\n<p>Pour l\u2019analyse imaginative de nos villes, pour projeter une id\u00e9e du futur, le r\u00f4le soci\u00e9tal et humaniste des architectes de tous profils sera de fait r\u00e9habilit\u00e9. Ce sont ces humanistes-l\u00e0 qui, au sein des \u00e9quipes pluridisciplinaires, les accompagneront, mettront en place les multiples mutations de nos lieux de vie. Le droit retrouv\u00e9 \u00e0 l\u2019architecture sera un \u00e9norme progr\u00e8s social li\u00e9 \u00e0 l\u2019art et au plaisir de vivre, dans sa ville, dans son quartier, chez soi.<\/p>\n<p>D\u00e9mocratiquement, cette politique impliquera tous les acteurs sociaux dans la transformation urbaine. Ils exprimeront leurs soucis et leurs souhaits. Seront invit\u00e9s les associations d\u2019habitants, les amoureux de la ville, les penseurs, les strat\u00e8ges urbains qui voudront participer \u00e0 la mutation&nbsp;: ing\u00e9nieurs, urbanistes, paysagistes, g\u00e9ographes, historiens, philosophes, chercheurs, scientifiques, \u00e9cologistes, entrepreneurs, petits, moyens et grands et, ne les oublions pas, les artistes, les po\u00e8tes\u2026<\/p>\n<p>La place retrouv\u00e9e de l\u2019art dans la vie renforcera la terre d\u2019expression, de diff\u00e9rence et d\u2019attraction qu\u2019est la France. Les cons\u00e9quences de ces deux d\u00e9cisions, jamais prises \u00e0 ce jour, seront de nature \u00e0 transformer la vie quotidienne de la plupart des Fran\u00e7ais. Elles r\u00e9tabliront clairement le lien entre la politique et l\u2019organisation de la cit\u00e9.\u00a0\u00bb<\/p>\n","protected":false},"excerpt":{"rendered":"<p>Jean Nouvel&nbsp;: \u00ab Pour sauver les banlieues, il faut contenir l\u2019expansion urbaine \u00bb\u00a0Dans une tribune au \u00ab Monde \u00bb, l\u2019architecte expose les deux d\u00e9fis essentiels qui attendent le futur chef de l\u2019Etat&nbsp;: sanctuariser les terres agricoles et foresti\u00e8res&nbsp;; r\u00e9investir la banlieue et y faire le choix r\u00e9solu de la culture. TRIBUNE. Hier, la politique \u00e9tait &hellip; <a href=\"http:\/\/lantb.net\/figure\/?p=3263\" class=\"more-link\">Continuer la lecture de <span class=\"screen-reader-text\">Jean Nouvel. Pour sauver les banlieues&#8230;<\/span><\/a><\/p>\n","protected":false},"author":1,"featured_media":0,"comment_status":"closed","ping_status":"closed","sticky":false,"template":"","format":"standard","meta":{"footnotes":""},"categories":[44],"tags":[],"class_list":["post-3263","post","type-post","status-publish","format-standard","hentry","category-everyday-life"],"_links":{"self":[{"href":"http:\/\/lantb.net\/figure\/index.php?rest_route=\/wp\/v2\/posts\/3263","targetHints":{"allow":["GET"]}}],"collection":[{"href":"http:\/\/lantb.net\/figure\/index.php?rest_route=\/wp\/v2\/posts"}],"about":[{"href":"http:\/\/lantb.net\/figure\/index.php?rest_route=\/wp\/v2\/types\/post"}],"author":[{"embeddable":true,"href":"http:\/\/lantb.net\/figure\/index.php?rest_route=\/wp\/v2\/users\/1"}],"replies":[{"embeddable":true,"href":"http:\/\/lantb.net\/figure\/index.php?rest_route=%2Fwp%2Fv2%2Fcomments&post=3263"}],"version-history":[{"count":4,"href":"http:\/\/lantb.net\/figure\/index.php?rest_route=\/wp\/v2\/posts\/3263\/revisions"}],"predecessor-version":[{"id":3321,"href":"http:\/\/lantb.net\/figure\/index.php?rest_route=\/wp\/v2\/posts\/3263\/revisions\/3321"}],"wp:attachment":[{"href":"http:\/\/lantb.net\/figure\/index.php?rest_route=%2Fwp%2Fv2%2Fmedia&parent=3263"}],"wp:term":[{"taxonomy":"category","embeddable":true,"href":"http:\/\/lantb.net\/figure\/index.php?rest_route=%2Fwp%2Fv2%2Fcategories&post=3263"},{"taxonomy":"post_tag","embeddable":true,"href":"http:\/\/lantb.net\/figure\/index.php?rest_route=%2Fwp%2Fv2%2Ftags&post=3263"}],"curies":[{"name":"wp","href":"https:\/\/api.w.org\/{rel}","templated":true}]}}