{"id":3201,"date":"2017-03-11T06:01:12","date_gmt":"2017-03-11T05:01:12","guid":{"rendered":"http:\/\/lantb.net\/figure\/?p=3201"},"modified":"2017-03-15T08:50:48","modified_gmt":"2017-03-15T07:50:48","slug":"serge-audier-la-societe-ecologique-et-ses-ennemis","status":"publish","type":"post","link":"http:\/\/lantb.net\/figure\/?p=3201","title":{"rendered":"Serge Audier. La Soci\u00e9t\u00e9 \u00e9cologique et ses ennemis"},"content":{"rendered":"<p style=\"text-align: left;\"><a href=\"http:\/\/lantb.net\/figure\/wp-content\/uploads\/2017\/03\/IMG_5303.jpg\"><img loading=\"lazy\" decoding=\"async\" class=\"alignnone wp-image-3202\" src=\"http:\/\/lantb.net\/figure\/wp-content\/uploads\/2017\/03\/IMG_5303.jpg\" alt=\"\" width=\"640\" height=\"332\" srcset=\"http:\/\/lantb.net\/figure\/wp-content\/uploads\/2017\/03\/IMG_5303.jpg 738w, http:\/\/lantb.net\/figure\/wp-content\/uploads\/2017\/03\/IMG_5303-300x156.jpg 300w, http:\/\/lantb.net\/figure\/wp-content\/uploads\/2017\/03\/IMG_5303-640x332.jpg 640w, http:\/\/lantb.net\/figure\/wp-content\/uploads\/2017\/03\/IMG_5303-150x78.jpg 150w\" sizes=\"auto, (max-width: 640px) 100vw, 640px\" \/><\/a><br \/>\nWilliam Morris, <em>Woodlands Embroideries<\/em>.\u00a0Cr\u00e9dits&nbsp;: William Morris<\/p>\n<p>\u00ab\u00a0Pour la premi\u00e8re fois depuis 1974, et la candidature pionni\u00e8re de Ren\u00e9 Dumont, aucun candidat ne portera les couleurs de l\u2019\u00e9cologie politique \u00e0 la prochaine \u00e9lection pr\u00e9sidentielle, Yannick Jadot et Europe Ecologie Les Verts ayant choisi de faire alliance avec Beno\u00eet Hamon et le Parti Socialiste. Paradoxalement, et m\u00eame si cela demeure encore largement insuffisant au regard des enjeux consid\u00e9rables auxquels la plan\u00e8te et ses habitants doivent faire face, on n\u2019a probablement jamais autant parl\u00e9 d\u2019\u00e9cologie lors d\u2019une campagne pr\u00e9sidentielle. Comment d\u00e8s lors expliquer qu\u2019apr\u00e8s la question r\u00e9publicaine puis la question sociale, la question \u00e9cologique ne soit pas parvenue, au fil du temps, \u00e0 s\u2019imposer comme l\u2019un des clivages forts de l\u2019espace public d\u00e9mocratique, un clivage assez puissant pour contribuer \u00e0 structurer autrement l\u2019offre politique en faisant advenir un parti \u00e9cologique puissant comme ce fut le cas pour les r\u00e9publicains contre les monarchistes, puis pour les socialistes contre les conservateurs&nbsp;? Pour comprendre cette situation de blocage, il faut entreprendre l\u2019histoire minutieuse des oppositions \u00e0 l\u2019\u00e9cologisme. C\u2019est pr\u00e9cis\u00e9ment ce qu\u2019a fait le philosophe Serge Audier dans un livre-somme <em>La Soci\u00e9t\u00e9 \u00e9cologique et ses ennemis<\/em>. Sylvain Bourmeau<\/p>\n<p><iframe loading=\"lazy\" src=\"https:\/\/www.franceculture.fr\/player\/export-reecouter?content=6d31754e-0546-466f-af97-8b01eeb353a9\" width=\"481\" height=\"137\" frameborder=\"0\" scrolling=\"no\"><\/iframe><br \/>\n<a href=\"https:\/\/www.franceculture.fr\/emissions\/la-suite-dans-les-idees\/le-lent-avenement-dune-societe-ecologique\">https:\/\/www.franceculture.fr\/emissions\/la-suite-dans-les-idees\/le-lent-avenement-dune-societe-ecologique<\/a><\/p>\n<p><a href=\"http:\/\/www.editionsladecouverte.fr\/catalogue\/index-La_soci__t_____cologique_et_ses_ennemis-9782707194862.html\"><img loading=\"lazy\" decoding=\"async\" class=\"alignnone wp-image-3205\" src=\"http:\/\/lantb.net\/figure\/wp-content\/uploads\/2017\/03\/IMG_5304.jpg\" alt=\"\" width=\"410\" height=\"640\" srcset=\"http:\/\/lantb.net\/figure\/wp-content\/uploads\/2017\/03\/IMG_5304.jpg 513w, http:\/\/lantb.net\/figure\/wp-content\/uploads\/2017\/03\/IMG_5304-192x300.jpg 192w, http:\/\/lantb.net\/figure\/wp-content\/uploads\/2017\/03\/IMG_5304-410x640.jpg 410w, http:\/\/lantb.net\/figure\/wp-content\/uploads\/2017\/03\/IMG_5304-96x150.jpg 96w\" sizes=\"auto, (max-width: 410px) 100vw, 410px\" \/><\/a><br \/>\nSerge Audier est ma\u00eetre de conf\u00e9rences en philosophie morale et politique \u00e0 la Sorbonne (Paris IV)<\/p>\n","protected":false},"excerpt":{"rendered":"<p>William Morris, Woodlands Embroideries.\u00a0Cr\u00e9dits&nbsp;: William Morris \u00ab\u00a0Pour la premi\u00e8re fois depuis 1974, et la candidature pionni\u00e8re de Ren\u00e9 Dumont, aucun candidat ne portera les couleurs de l\u2019\u00e9cologie politique \u00e0 la prochaine \u00e9lection pr\u00e9sidentielle, Yannick Jadot et Europe Ecologie Les Verts ayant choisi de faire alliance avec Beno\u00eet Hamon et le Parti Socialiste. Paradoxalement, et m\u00eame &hellip; <a href=\"http:\/\/lantb.net\/figure\/?p=3201\" class=\"more-link\">Continuer la lecture de <span class=\"screen-reader-text\">Serge Audier. La Soci\u00e9t\u00e9 \u00e9cologique et ses ennemis<\/span><\/a><\/p>\n","protected":false},"author":1,"featured_media":0,"comment_status":"closed","ping_status":"closed","sticky":false,"template":"","format":"standard","meta":{"footnotes":""},"categories":[57,44,4,5],"tags":[],"class_list":["post-3201","post","type-post","status-publish","format-standard","hentry","category-bibliographie","category-everyday-life","category-green-attitude","category-reader"],"_links":{"self":[{"href":"http:\/\/lantb.net\/figure\/index.php?rest_route=\/wp\/v2\/posts\/3201","targetHints":{"allow":["GET"]}}],"collection":[{"href":"http:\/\/lantb.net\/figure\/index.php?rest_route=\/wp\/v2\/posts"}],"about":[{"href":"http:\/\/lantb.net\/figure\/index.php?rest_route=\/wp\/v2\/types\/post"}],"author":[{"embeddable":true,"href":"http:\/\/lantb.net\/figure\/index.php?rest_route=\/wp\/v2\/users\/1"}],"replies":[{"embeddable":true,"href":"http:\/\/lantb.net\/figure\/index.php?rest_route=%2Fwp%2Fv2%2Fcomments&post=3201"}],"version-history":[{"count":11,"href":"http:\/\/lantb.net\/figure\/index.php?rest_route=\/wp\/v2\/posts\/3201\/revisions"}],"predecessor-version":[{"id":3229,"href":"http:\/\/lantb.net\/figure\/index.php?rest_route=\/wp\/v2\/posts\/3201\/revisions\/3229"}],"wp:attachment":[{"href":"http:\/\/lantb.net\/figure\/index.php?rest_route=%2Fwp%2Fv2%2Fmedia&parent=3201"}],"wp:term":[{"taxonomy":"category","embeddable":true,"href":"http:\/\/lantb.net\/figure\/index.php?rest_route=%2Fwp%2Fv2%2Fcategories&post=3201"},{"taxonomy":"post_tag","embeddable":true,"href":"http:\/\/lantb.net\/figure\/index.php?rest_route=%2Fwp%2Fv2%2Ftags&post=3201"}],"curies":[{"name":"wp","href":"https:\/\/api.w.org\/{rel}","templated":true}]}}