{"id":2927,"date":"2017-01-03T13:35:08","date_gmt":"2017-01-03T12:35:08","guid":{"rendered":"http:\/\/lantb.net\/figure\/?p=2927"},"modified":"2017-01-10T09:37:30","modified_gmt":"2017-01-10T08:37:30","slug":"paesaggio-fantasticooo","status":"publish","type":"post","link":"http:\/\/lantb.net\/figure\/?p=2927","title":{"rendered":"Paesaggio fantastico"},"content":{"rendered":"<p><a href=\"http:\/\/lantb.net\/figure\/wp-content\/uploads\/2017\/01\/saint-egreve-4.jpg\"><img loading=\"lazy\" decoding=\"async\" class=\"alignnone size-full wp-image-2928\" src=\"http:\/\/lantb.net\/figure\/wp-content\/uploads\/2017\/01\/saint-egreve-4.jpg\" alt=\"\" width=\"640\" height=\"480\" srcset=\"http:\/\/lantb.net\/figure\/wp-content\/uploads\/2017\/01\/saint-egreve-4.jpg 640w, http:\/\/lantb.net\/figure\/wp-content\/uploads\/2017\/01\/saint-egreve-4-300x225.jpg 300w, http:\/\/lantb.net\/figure\/wp-content\/uploads\/2017\/01\/saint-egreve-4-150x113.jpg 150w\" sizes=\"auto, (max-width: 640px) 100vw, 640px\" \/><br \/>\n<\/a>3 f\u00e9vrier 2010, Saint-Egr\u00e8ve, banlieue sud<a href=\"http:\/\/lantb.net\/figure\/wp-content\/uploads\/2017\/01\/saint-egreve-4.jpg\"><br \/>\n<\/a> <a href=\"http:\/\/lantb.net\/figure\/wp-content\/uploads\/2017\/01\/saint-egreve-3.jpg\"><img loading=\"lazy\" decoding=\"async\" class=\"alignnone wp-image-2930\" src=\"http:\/\/lantb.net\/figure\/wp-content\/uploads\/2017\/01\/saint-egreve-3.jpg\" width=\"640\" height=\"480\" srcset=\"http:\/\/lantb.net\/figure\/wp-content\/uploads\/2017\/01\/saint-egreve-3.jpg 960w, http:\/\/lantb.net\/figure\/wp-content\/uploads\/2017\/01\/saint-egreve-3-300x225.jpg 300w, http:\/\/lantb.net\/figure\/wp-content\/uploads\/2017\/01\/saint-egreve-3-768x576.jpg 768w, http:\/\/lantb.net\/figure\/wp-content\/uploads\/2017\/01\/saint-egreve-3-640x480.jpg 640w, http:\/\/lantb.net\/figure\/wp-content\/uploads\/2017\/01\/saint-egreve-3-150x113.jpg 150w\" sizes=\"auto, (max-width: 640px) 100vw, 640px\" \/><br \/>\n<\/a>3 janvier 2017, Saint-Egr\u00e8ve, banlieue sud&nbsp;: mare gel\u00e9e&nbsp;! O\u00f9 sont les canards&nbsp;?&#8230;<a href=\"http:\/\/lantb.net\/figure\/wp-content\/uploads\/2017\/01\/saint-egreve-2.jpg\"> <img loading=\"lazy\" decoding=\"async\" class=\"alignnone wp-image-2929\" src=\"http:\/\/lantb.net\/figure\/wp-content\/uploads\/2017\/01\/saint-egreve-2.jpg\" width=\"640\" height=\"480\" srcset=\"http:\/\/lantb.net\/figure\/wp-content\/uploads\/2017\/01\/saint-egreve-2.jpg 960w, http:\/\/lantb.net\/figure\/wp-content\/uploads\/2017\/01\/saint-egreve-2-300x225.jpg 300w, http:\/\/lantb.net\/figure\/wp-content\/uploads\/2017\/01\/saint-egreve-2-768x576.jpg 768w, http:\/\/lantb.net\/figure\/wp-content\/uploads\/2017\/01\/saint-egreve-2-640x480.jpg 640w, http:\/\/lantb.net\/figure\/wp-content\/uploads\/2017\/01\/saint-egreve-2-150x113.jpg 150w\" sizes=\"auto, (max-width: 640px) 100vw, 640px\" \/><\/a> <a href=\"http:\/\/lantb.net\/figure\/wp-content\/uploads\/2017\/01\/saint-egreve-1.jpg\"><img loading=\"lazy\" decoding=\"async\" class=\"alignnone wp-image-2931\" src=\"http:\/\/lantb.net\/figure\/wp-content\/uploads\/2017\/01\/saint-egreve-1.jpg\" width=\"640\" height=\"480\" srcset=\"http:\/\/lantb.net\/figure\/wp-content\/uploads\/2017\/01\/saint-egreve-1.jpg 960w, http:\/\/lantb.net\/figure\/wp-content\/uploads\/2017\/01\/saint-egreve-1-300x225.jpg 300w, http:\/\/lantb.net\/figure\/wp-content\/uploads\/2017\/01\/saint-egreve-1-768x576.jpg 768w, http:\/\/lantb.net\/figure\/wp-content\/uploads\/2017\/01\/saint-egreve-1-640x480.jpg 640w, http:\/\/lantb.net\/figure\/wp-content\/uploads\/2017\/01\/saint-egreve-1-150x113.jpg 150w\" sizes=\"auto, (max-width: 640px) 100vw, 640px\" \/><\/a><br \/>\n3 janvier 2017, Saint-Egr\u00e8ve, banlieue sud, Roxane et Andrea. Photos \u00a9 E. B.<\/p>\n<p>un lien&gt; <a href=\"https:\/\/youtu.be\/q_D3OIH11vs\">Michel Jonasz, Le lac gel\u00e9<\/a><\/p>\n","protected":false},"excerpt":{"rendered":"<p>3 f\u00e9vrier 2010, Saint-Egr\u00e8ve, banlieue sud 3 janvier 2017, Saint-Egr\u00e8ve, banlieue sud&nbsp;: mare gel\u00e9e&nbsp;! O\u00f9 sont les canards&nbsp;?&#8230; 3 janvier 2017, Saint-Egr\u00e8ve, banlieue sud, Roxane et Andrea. Photos \u00a9 E. B. un lien&gt; Michel Jonasz, Le lac gel\u00e9<\/p>\n","protected":false},"author":1,"featured_media":0,"comment_status":"closed","ping_status":"closed","sticky":false,"template":"","format":"standard","meta":{"footnotes":""},"categories":[29,45,44,4],"tags":[],"class_list":["post-2927","post","type-post","status-publish","format-standard","hentry","category-animal","category-eveline","category-everyday-life","category-green-attitude"],"_links":{"self":[{"href":"http:\/\/lantb.net\/figure\/index.php?rest_route=\/wp\/v2\/posts\/2927","targetHints":{"allow":["GET"]}}],"collection":[{"href":"http:\/\/lantb.net\/figure\/index.php?rest_route=\/wp\/v2\/posts"}],"about":[{"href":"http:\/\/lantb.net\/figure\/index.php?rest_route=\/wp\/v2\/types\/post"}],"author":[{"embeddable":true,"href":"http:\/\/lantb.net\/figure\/index.php?rest_route=\/wp\/v2\/users\/1"}],"replies":[{"embeddable":true,"href":"http:\/\/lantb.net\/figure\/index.php?rest_route=%2Fwp%2Fv2%2Fcomments&post=2927"}],"version-history":[{"count":13,"href":"http:\/\/lantb.net\/figure\/index.php?rest_route=\/wp\/v2\/posts\/2927\/revisions"}],"predecessor-version":[{"id":2973,"href":"http:\/\/lantb.net\/figure\/index.php?rest_route=\/wp\/v2\/posts\/2927\/revisions\/2973"}],"wp:attachment":[{"href":"http:\/\/lantb.net\/figure\/index.php?rest_route=%2Fwp%2Fv2%2Fmedia&parent=2927"}],"wp:term":[{"taxonomy":"category","embeddable":true,"href":"http:\/\/lantb.net\/figure\/index.php?rest_route=%2Fwp%2Fv2%2Fcategories&post=2927"},{"taxonomy":"post_tag","embeddable":true,"href":"http:\/\/lantb.net\/figure\/index.php?rest_route=%2Fwp%2Fv2%2Ftags&post=2927"}],"curies":[{"name":"wp","href":"https:\/\/api.w.org\/{rel}","templated":true}]}}