{"id":2821,"date":"2016-12-15T10:23:09","date_gmt":"2016-12-15T09:23:09","guid":{"rendered":"http:\/\/lantb.net\/figure\/?p=2821"},"modified":"2019-12-26T00:29:47","modified_gmt":"2019-12-25T23:29:47","slug":"colette-soler-heteronomie-et-coalescence-du-langage","status":"publish","type":"post","link":"http:\/\/lantb.net\/figure\/?p=2821","title":{"rendered":"Colette Soler. H\u00e9t\u00e9ronomie et coalescence du langage"},"content":{"rendered":"<p><a href=\"https:\/\/www.franceculture.fr\/emissions\/les-nouveaux-chemins-de-la-connaissance\/sommes-nous-tous-fous-44-quest-ce-la-psychose\">https:\/\/www.franceculture.fr\/emissions\/les-nouveaux-chemins-de-la-connaissance\/sommes-nous-tous-fous-44-quest-ce-la-psychose<\/a>\u00a0Il en est question vers la fin de l&rsquo;entretien&#8230; Colette Soler entre Fran\u00e7ois Roustang et Marcel Proust-Gilles Deleuze&#8230;\u00a0Int\u00e9ressant<br \/>\n<iframe loading=\"lazy\" src=\"https:\/\/www.franceculture.fr\/player\/export-reecouter?content=5f3724d7-cbc2-485c-8eaa-07ed7bc58f37\" width=\"481\" height=\"137\" frameborder=\"0\"><\/iframe><br \/>\nColette Soler, philosophe et docteur en psychologie, elle a fait toute sa formation avec Jacques Lacan avant de choisir d&rsquo;exercer la psychanalyse et de l\u2019enseigner \u00e0 Paris et dans divers pays du monde. En 1998, elle a \u00e9t\u00e9 \u00e0 l\u2019origine du mouvement des Forums du Champ lacanien puis de son Ecole internationale de Psychanalyse dans laquelle elle travaille maintenant. Autres entretiens sur France Culture, <a href=\"https:\/\/www.franceculture.fr\/personne-colette-soler.html\">https:\/\/www.franceculture.fr\/personne-colette-soler.html<\/a><\/p>\n<p><iframe loading=\"lazy\" title=\"L&#039;intervention de Colette Soler - La Parole et le Corps\" width=\"660\" height=\"371\" src=\"https:\/\/www.youtube.com\/embed\/Lzi1swZyTS0?feature=oembed\" frameborder=\"0\" allow=\"accelerometer; autoplay; clipboard-write; encrypted-media; gyroscope; picture-in-picture; web-share\" referrerpolicy=\"strict-origin-when-cross-origin\" allowfullscreen><\/iframe><br \/>\nForum du Champ Lacanien du Liban &#8211; EPFCL 3 370 vues. Le\u00a0s\u00e9minaire clinique \u00e0 Beyrouth invite Colette Soler \u00e0 parler de \u00ab La Parole et le Corps \u00bb, le dimanche 26 juin 2016 au M\u00f6venpick Hotel &#8211; Beirut, de 8h 30 \u00e0 12h.\u00a0C&rsquo;est la deuxi\u00e8me conf\u00e9rence de lancement \u00e0 partir du M\u00f6venpick de Beyrouth du futur Forum du Champ Lacanien du Liban. Assez extraordinaire, cette assembl\u00e9e de femmes.<\/p>\n","protected":false},"excerpt":{"rendered":"<p>https:\/\/www.franceculture.fr\/emissions\/les-nouveaux-chemins-de-la-connaissance\/sommes-nous-tous-fous-44-quest-ce-la-psychose\u00a0Il en est question vers la fin de l&rsquo;entretien&#8230; Colette Soler entre Fran\u00e7ois Roustang et Marcel Proust-Gilles Deleuze&#8230;\u00a0Int\u00e9ressant Colette Soler, philosophe et docteur en psychologie, elle a fait toute sa formation avec Jacques Lacan avant de choisir d&rsquo;exercer la psychanalyse et de l\u2019enseigner \u00e0 Paris et dans divers pays du monde. En 1998, elle a &hellip; <a href=\"http:\/\/lantb.net\/figure\/?p=2821\" class=\"more-link\">Continuer la lecture de <span class=\"screen-reader-text\">Colette Soler. H\u00e9t\u00e9ronomie et coalescence du langage<\/span><\/a><\/p>\n","protected":false},"author":1,"featured_media":0,"comment_status":"closed","ping_status":"closed","sticky":false,"template":"","format":"standard","meta":{"footnotes":""},"categories":[75,44,5],"tags":[],"class_list":["post-2821","post","type-post","status-publish","format-standard","hentry","category-deleuze-guattari","category-everyday-life","category-reader"],"_links":{"self":[{"href":"http:\/\/lantb.net\/figure\/index.php?rest_route=\/wp\/v2\/posts\/2821","targetHints":{"allow":["GET"]}}],"collection":[{"href":"http:\/\/lantb.net\/figure\/index.php?rest_route=\/wp\/v2\/posts"}],"about":[{"href":"http:\/\/lantb.net\/figure\/index.php?rest_route=\/wp\/v2\/types\/post"}],"author":[{"embeddable":true,"href":"http:\/\/lantb.net\/figure\/index.php?rest_route=\/wp\/v2\/users\/1"}],"replies":[{"embeddable":true,"href":"http:\/\/lantb.net\/figure\/index.php?rest_route=%2Fwp%2Fv2%2Fcomments&post=2821"}],"version-history":[{"count":28,"href":"http:\/\/lantb.net\/figure\/index.php?rest_route=\/wp\/v2\/posts\/2821\/revisions"}],"predecessor-version":[{"id":3004,"href":"http:\/\/lantb.net\/figure\/index.php?rest_route=\/wp\/v2\/posts\/2821\/revisions\/3004"}],"wp:attachment":[{"href":"http:\/\/lantb.net\/figure\/index.php?rest_route=%2Fwp%2Fv2%2Fmedia&parent=2821"}],"wp:term":[{"taxonomy":"category","embeddable":true,"href":"http:\/\/lantb.net\/figure\/index.php?rest_route=%2Fwp%2Fv2%2Fcategories&post=2821"},{"taxonomy":"post_tag","embeddable":true,"href":"http:\/\/lantb.net\/figure\/index.php?rest_route=%2Fwp%2Fv2%2Ftags&post=2821"}],"curies":[{"name":"wp","href":"https:\/\/api.w.org\/{rel}","templated":true}]}}