{"id":2368,"date":"2016-10-26T14:33:37","date_gmt":"2016-10-26T13:33:37","guid":{"rendered":"http:\/\/lantb.net\/figure\/?p=2368"},"modified":"2016-10-27T14:40:01","modified_gmt":"2016-10-27T13:40:01","slug":"toits-vegetalises-a-la-mode-le-corbusier-1959","status":"publish","type":"post","link":"http:\/\/lantb.net\/figure\/?p=2368","title":{"rendered":"Colloque Michel Deguy, sous les toits v\u00e9g\u00e9talis\u00e9s de Le Corbusier"},"content":{"rendered":"<ol>\n<li>C&rsquo;est au couvent de la Tourette que s&rsquo;est tenu le colloque&nbsp;: <em>La po\u00e9tique de Michel Deguy\u00a0&#8211; Po\u00e9sie, philosophie, \u00e9cologie<\/em>.<\/li>\n<\/ol>\n<p><a href=\"http:\/\/lantb.net\/figure\/wp-pdf\/colloque-poetique-deguy.pdf\"><img loading=\"lazy\" decoding=\"async\" class=\"alignnone wp-image-134\" src=\"http:\/\/lantb.net\/figure\/wp-content\/uploads\/2014\/09\/pdf.jpg\" alt=\"pdf\" width=\"48\" height=\"48\" \/><\/a>T\u00e9l\u00e9charger le texte de pr\u00e9sentation du colloque<br \/>\nAvec Michel Deguy et Jean-Luc Nancy, des philosophes et des litt\u00e9raires y explor\u00e8rent la mani\u00e8re deguyenne d&rsquo;habiter \u00e9thiquement et po\u00e9tiquement (\u00ab\u00a0po\u00e9thiquement\u00a0\u00bb) le monde. On n&rsquo;a pas vraiment parl\u00e9 de ce qu&rsquo;\u00e9tait <em>l&rsquo;\u00e9cologie radicale<\/em>. Son dernier livre \u00e9tait l\u00e0, <em>La vie subite<\/em>&nbsp;: page 34, le po\u00e8me <em>\u00c9cologique<\/em> reprend le topos \u00e9cologique qu&rsquo;est le po\u00e8me de Rimbaud \u00ab\u2014 Elle est perdue&#8230; \/ \u2014 Quoi&nbsp;? \u2014 La terre. \/ C&rsquo;est la mer m\u00eal\u00e9e avec le soleil \/ Comment la retrouver&nbsp;? \/ \u2014 Quoi&nbsp;? \/ \u2014 La terre. \/ C&rsquo;est l&rsquo;immensit\u00e9 \/ o\u00f9 le fini se jette \u00e0 l&#8217;embouchure de l&rsquo;infini \u00bb&#8230; Il y fut aussi \u00e9nonc\u00e9 le terme \u00ab<span style=\"color: #339966;\">d\u00e9terrestration<\/span>\u00bb* qui nous a fait regretter la \u00ab<span style=\"color: #339966;\">d\u00e9territorialisation<\/span>\u00bb, r\u00e9chauffement climatique oblige.<\/p>\n<p><iframe loading=\"lazy\" src=\"https:\/\/player.vimeo.com\/video\/189057911?color=ffffff&amp;title=0&amp;byline=0&amp;portrait=0\" width=\"640\" height=\"360\" frameborder=\"0\" allowfullscreen=\"allowfullscreen\"><\/iframe><br \/>\n<a href=\"https:\/\/vimeo.com\/189057911\">La toute derni\u00e8re minute de l&rsquo;intervention de Jean-Luc Nancy&nbsp;: La parousie-Michel Deguy.<br \/>\n<\/a>De la difficult\u00e9 de d\u00e9finir la parousie&nbsp;:\u00abY a-t-il une r\u00e9v\u00e9lation possible, une parousie, sans perte ni reste, de ce qui est \u00e0 penser? Ou bien ne faut-il pas, pour qu&rsquo;une \u00ab\u00a0pr\u00e9sentation\u00a0\u00bb en g\u00e9n\u00e9ral, une \u00ab\u00a0apparition\u00a0\u00bb puisse avoir lieu, que ce qui doit se \u00ab\u00a0pr\u00e9senter\u00a0\u00bb ne se pr\u00e9sente pas lui-m\u00eame, n&rsquo;apparaisse pas comme lui-m\u00eame (c&rsquo;est-\u00e0-dire, en toute rigueur, ne se pr\u00e9sente pas), mais se diff\u00e9rencie, s&rsquo;ali\u00e8ne, s&rsquo;ext\u00e9riorise, s&rsquo;extasie, se donne (\u00e0 \u00ab\u00a0voir\u00a0\u00bb et \u00e0 penser, \u00e0 th\u00e9oriser) et, se donnant, se perde? La n\u00e9cessit\u00e9 de la manifestation n&rsquo;entra\u00eene-t-elle pas la n\u00e9cessit\u00e9 de la perte?\u00bb Philippe Lacoue-Labarthe.<\/p>\n<p>2. <a href=\"http:\/\/www.fondationlecorbusier.fr\/corbuweb\/morpheus.aspx?sysId=13&amp;IrisObjectId=4731&amp;sysLanguage=fr-fr&amp;itemPos=4&amp;itemSort=fr-fr_sort_string1&amp;itemCount=13&amp;sysParentName=Home&amp;sysParentId=11\">Le Couvent de la Tourette<\/a>, Eveux-sur-l&rsquo;Arbresles, pr\u00e8s de Lyon est l&rsquo;une des derni\u00e8res r\u00e9alisations de Le Corbusier avec Xenakis. Les toits v\u00e9g\u00e9talis\u00e9s \u00ab\u00a0\u00e0 tous les \u00e9tages\u00a0\u00bb offrent libre cours \u00e0 la biodiversit\u00e9, et les fr\u00e8res dominicains qui occupent le couvent ne jardinent pas. \u00abLa toiture du couvent lui-m\u00eame, comme celle de l&rsquo;\u00e9glise, est recouverte d&rsquo;une mince couche de terre laiss\u00e9e \u00e0 l&rsquo;initiative du vent, des oiseaux, et autres transporteurs de graines assurant une protection \u00e9tanche et isotherme. Les toitures de la petite maison du lac L\u00e9man, et l&rsquo;immeuble 24 rue Nungesser et Coli \u00e0 Paris, et de diverses constructions aux Indes sont ainsi faites.\u00bb Une sorte de \u00ab<span style=\"color: #339966;\">reterrestration<\/span>\u00bb* minimale architecturale.*<\/p>\n<p><a href=\"http:\/\/lantb.net\/figure\/wp-content\/uploads\/2016\/10\/IMG_4839.jpg\"><img loading=\"lazy\" decoding=\"async\" class=\"alignnone wp-image-2370\" src=\"http:\/\/lantb.net\/figure\/wp-content\/uploads\/2016\/10\/IMG_4839.jpg\" alt=\"img_4839\" width=\"640\" height=\"480\" srcset=\"http:\/\/lantb.net\/figure\/wp-content\/uploads\/2016\/10\/IMG_4839.jpg 3264w, http:\/\/lantb.net\/figure\/wp-content\/uploads\/2016\/10\/IMG_4839-300x225.jpg 300w, http:\/\/lantb.net\/figure\/wp-content\/uploads\/2016\/10\/IMG_4839-768x576.jpg 768w, http:\/\/lantb.net\/figure\/wp-content\/uploads\/2016\/10\/IMG_4839-640x480.jpg 640w, http:\/\/lantb.net\/figure\/wp-content\/uploads\/2016\/10\/IMG_4839-150x113.jpg 150w\" sizes=\"auto, (max-width: 640px) 100vw, 640px\" \/><br \/>\n<\/a><a href=\"http:\/\/lantb.net\/figure\/wp-content\/uploads\/2016\/10\/IMG_4838.jpg\"><img loading=\"lazy\" decoding=\"async\" class=\"alignnone wp-image-2369\" src=\"http:\/\/lantb.net\/figure\/wp-content\/uploads\/2016\/10\/IMG_4838.jpg\" alt=\"img_4838\" width=\"640\" height=\"480\" srcset=\"http:\/\/lantb.net\/figure\/wp-content\/uploads\/2016\/10\/IMG_4838.jpg 3264w, http:\/\/lantb.net\/figure\/wp-content\/uploads\/2016\/10\/IMG_4838-300x225.jpg 300w, http:\/\/lantb.net\/figure\/wp-content\/uploads\/2016\/10\/IMG_4838-768x576.jpg 768w, http:\/\/lantb.net\/figure\/wp-content\/uploads\/2016\/10\/IMG_4838-640x480.jpg 640w, http:\/\/lantb.net\/figure\/wp-content\/uploads\/2016\/10\/IMG_4838-150x113.jpg 150w\" sizes=\"auto, (max-width: 640px) 100vw, 640px\" \/><br \/>\n<\/a>*\u00abMichel Leiris \u00e9crivit&nbsp;: \u00ab\u00a0le but assign\u00e9 \u00e0 la po\u00e9sie \/&nbsp;: restituer au moyen des mots certains \u00e9tats intenses, concr\u00e8tement \u00e9prouv\u00e9s.\u00a0\u00bb <span style=\"color: #ff00ff;\">Pas pour moi<\/span> \u2014m\u00eame si cette d\u00e9finition est assum\u00e9e par un grand nombre d&rsquo;\u00e9crivains du XXIe si\u00e8cle\u2014 et par des linguistes \u00e9minents, tel Benveniste, tentant de circonscrire th\u00e9oriquement un \u00ab\u00a0langage po\u00e9tique\u00a0\u00bb sp\u00e9cifique en rapport avec la subjectivit\u00e9 \u00e9motive. <span style=\"color: #ff00ff;\">Je vais<\/span> <span style=\"color: #ff00ff;\">dans l&rsquo;autre direction<\/span>&nbsp;: il s&rsquo;agit de faire \u00e9couter-voir, \u00e0 beaucoup, \u00ab\u00a0la beaut\u00e9 du monde\u00a0\u00bb qu&rsquo;il y a; et plus rigoureusement, l&rsquo;attachement \u00e0 la relation du monde et de la terre en langage des langues, dans ce temps de mutation que la <span style=\"color: #339966;\">d\u00e9terrestration<\/span> et l&rsquo;<span style=\"color: #339966;\">extraterrestration<\/span> accaparent. Faire un tour de Babel, dans son \u00e9tat inqui\u00e9tant.\u00bb p.147, Michel Deguy, <em>La vie subite<\/em>, \u00ab\u00a0Po\u00e9tique\u00a0\u00bb, Galil\u00e9e, 2016<\/p>\n<p>&nbsp;<\/p>\n","protected":false},"excerpt":{"rendered":"<p>C&rsquo;est au couvent de la Tourette que s&rsquo;est tenu le colloque&nbsp;: La po\u00e9tique de Michel Deguy\u00a0&#8211; Po\u00e9sie, philosophie, \u00e9cologie. T\u00e9l\u00e9charger le texte de pr\u00e9sentation du colloque Avec Michel Deguy et Jean-Luc Nancy, des philosophes et des litt\u00e9raires y explor\u00e8rent la mani\u00e8re deguyenne d&rsquo;habiter \u00e9thiquement et po\u00e9tiquement (\u00ab\u00a0po\u00e9thiquement\u00a0\u00bb) le monde. On n&rsquo;a pas vraiment parl\u00e9 de &hellip; <a href=\"http:\/\/lantb.net\/figure\/?p=2368\" class=\"more-link\">Continuer la lecture de <span class=\"screen-reader-text\">Colloque Michel Deguy, sous les toits v\u00e9g\u00e9talis\u00e9s de Le Corbusier<\/span><\/a><\/p>\n","protected":false},"author":1,"featured_media":0,"comment_status":"closed","ping_status":"closed","sticky":false,"template":"","format":"standard","meta":{"footnotes":""},"categories":[19,4,5],"tags":[],"class_list":["post-2368","post","type-post","status-publish","format-standard","hentry","category-art-contemporain","category-green-attitude","category-reader"],"_links":{"self":[{"href":"http:\/\/lantb.net\/figure\/index.php?rest_route=\/wp\/v2\/posts\/2368","targetHints":{"allow":["GET"]}}],"collection":[{"href":"http:\/\/lantb.net\/figure\/index.php?rest_route=\/wp\/v2\/posts"}],"about":[{"href":"http:\/\/lantb.net\/figure\/index.php?rest_route=\/wp\/v2\/types\/post"}],"author":[{"embeddable":true,"href":"http:\/\/lantb.net\/figure\/index.php?rest_route=\/wp\/v2\/users\/1"}],"replies":[{"embeddable":true,"href":"http:\/\/lantb.net\/figure\/index.php?rest_route=%2Fwp%2Fv2%2Fcomments&post=2368"}],"version-history":[{"count":42,"href":"http:\/\/lantb.net\/figure\/index.php?rest_route=\/wp\/v2\/posts\/2368\/revisions"}],"predecessor-version":[{"id":2415,"href":"http:\/\/lantb.net\/figure\/index.php?rest_route=\/wp\/v2\/posts\/2368\/revisions\/2415"}],"wp:attachment":[{"href":"http:\/\/lantb.net\/figure\/index.php?rest_route=%2Fwp%2Fv2%2Fmedia&parent=2368"}],"wp:term":[{"taxonomy":"category","embeddable":true,"href":"http:\/\/lantb.net\/figure\/index.php?rest_route=%2Fwp%2Fv2%2Fcategories&post=2368"},{"taxonomy":"post_tag","embeddable":true,"href":"http:\/\/lantb.net\/figure\/index.php?rest_route=%2Fwp%2Fv2%2Ftags&post=2368"}],"curies":[{"name":"wp","href":"https:\/\/api.w.org\/{rel}","templated":true}]}}