{"id":1232,"date":"2016-06-27T11:35:46","date_gmt":"2016-06-27T10:35:46","guid":{"rendered":"http:\/\/lantb.net\/figure\/?p=1232"},"modified":"2016-09-11T15:50:39","modified_gmt":"2016-09-11T14:50:39","slug":"une-evidence-street-art-et-land-art-comme-des-freres","status":"publish","type":"post","link":"http:\/\/lantb.net\/figure\/?p=1232","title":{"rendered":"Street Art et Land Art, fr\u00e8res d&rsquo;art contemporain"},"content":{"rendered":"<p><a href=\"http:\/\/lantb.net\/figure\/wp-content\/uploads\/2016\/06\/image-1-e1467234208474.jpg\"><img loading=\"lazy\" decoding=\"async\" class=\"alignnone wp-image-1251\" src=\"http:\/\/lantb.net\/figure\/wp-content\/uploads\/2016\/06\/image-1-e1467234208474.jpg\" alt=\"image\" width=\"640\" height=\"640\" srcset=\"http:\/\/lantb.net\/figure\/wp-content\/uploads\/2016\/06\/image-1-e1467234208474.jpg 2448w, http:\/\/lantb.net\/figure\/wp-content\/uploads\/2016\/06\/image-1-e1467234208474-150x150.jpg 150w, http:\/\/lantb.net\/figure\/wp-content\/uploads\/2016\/06\/image-1-e1467234208474-300x300.jpg 300w, http:\/\/lantb.net\/figure\/wp-content\/uploads\/2016\/06\/image-1-e1467234208474-768x768.jpg 768w, http:\/\/lantb.net\/figure\/wp-content\/uploads\/2016\/06\/image-1-e1467234208474-640x640.jpg 640w\" sizes=\"auto, (max-width: 640px) 100vw, 640px\" \/><\/a><br \/>\n<img loading=\"lazy\" decoding=\"async\" class=\"alignnone wp-image-1660 size-full\" src=\"http:\/\/lantb.net\/figure\/wp-content\/uploads\/2016\/06\/orosco-c.jpg\" alt=\"orosco-c\" width=\"640\" height=\"388\" srcset=\"http:\/\/lantb.net\/figure\/wp-content\/uploads\/2016\/06\/orosco-c.jpg 640w, http:\/\/lantb.net\/figure\/wp-content\/uploads\/2016\/06\/orosco-c-300x182.jpg 300w, http:\/\/lantb.net\/figure\/wp-content\/uploads\/2016\/06\/orosco-c-150x91.jpg 150w\" sizes=\"auto, (max-width: 640px) 100vw, 640px\" \/><br \/>\nEn haut&nbsp;: <a href=\"http:\/\/johnnygonzoartshop.tictail.com\/\">J. Gonzo<\/a>, La Mafia. 27.06.2016. Graffiti Art, Quartier Belleville, Paris. Hors mus\u00e9e, la filiation du graffiti art est celle des grands fresquistes Orozco, Rivera. L&rsquo;image de J.G. est aussi en \u00e9troite filiation avec le <i>My Hands are My Heart<\/i> (ci-dessus) de Gabriel Orozco, artiste international tout terrain, descendant d&rsquo;Orozco, ou encore de <a href=\"http:\/\/www.arpla.fr\/canal2\/figureblog\/?page_id=9115\">Francis Al\u00ffs<\/a>, artiste de rue \u00e0 Mexico et dans le monde, de <a href=\"http:\/\/www.richardlong.org\/\">Richard Long<\/a>, pape du Land Art, qui laisse des traces violentes (haies de pierre dress\u00e9es) de son passage sur les terrains balis\u00e9s des randonneurs de haut vol, tout comme le graf fait violence au promeneur urbain.<!--more--><\/p>\n<p>Le Street Art\u00a0 peut s&rsquo;ins\u00e9rer dans l&rsquo;art contemporain, fr\u00e8re du Land art au sens large. On peut parler de narcissisme duchampien associ\u00e9 \u00e0 la pratique du Tag comme \u00e0 celle du balisage du Land Art. On retrouve cette association des deux arts, l&rsquo;un <i>low,<\/i> l&rsquo;autre <em>high<\/em>, et en Arles<i>, <\/i>d\u00e9lib\u00e9r\u00e9ment<i>\u00a0<\/i>sous le signe du <i>low, <\/i>si l&rsquo;on<i> <\/i>consid\u00e8re le mode de financement participatif de la rencontre&nbsp;: https<a href=\"https:\/\/www.kisskissbankbank.com\/fr\/projects\/in-situ-11eme-rencontre-de-creation-street-art-land-art-a-arles?ref=similar\" target=\"_blank\">:\/\/www.kisskissbankbank.com\/fr\/projects\/in-situ-11eme-rencontre-de-creation-street-art-land-art-a-arles?ref=similar<\/a>&nbsp;: IN SITU 1.1, 11\u00e8me Rencontre de cr\u00e9ation Street Art, Land Art \u00e0 Arles. R\u00e9sidence d&rsquo;artistes du 23 juin au 4 juillet 2016. Exposition du 2 juillet au 30 septembre 2016. Vernissage le samedi 2 juillet 2016 \u00e0 19h dans le Jardin Hortus du Mus\u00e9e D\u00e9partemental Arles Antique. M\u00ealant Street Art et Land Art, IN SITU pr\u00e9sente la particularit\u00e9 de cr\u00e9er des passerelles entre environnement naturel et espace urbain. Chaque ann\u00e9e, 5 \u00e0 10 artistes fran\u00e7ais, europ\u00e9ens et du reste du monde sont accueillis en r\u00e9sidence pour \u00e9largir leur exp\u00e9rience et enrichir leur pratique au contact du territoire Arl\u00e9sien, Camarguais et de ses populations.\u00a0\u00bb Bernard Blist\u00e8ne revient sur l&rsquo;art contemporain, comme <span style=\"color: #008000;\">art pens\u00e9 au-del\u00e0 du mus\u00e9e<span style=\"color: #333333;\">, <\/span><\/span>(dans le gratuit <em>Noto n\u00b05<\/em>) \u00ab\u00a0Entretien sur la Mus\u00e9e\u00a0\u00bb, p. 71. Q.&nbsp;: Et retenir l&rsquo;ann\u00e9e 1965 pour la naissance de l&rsquo;art contemporain? B.B.&nbsp;: Apr\u00e8s 1965, on assiste aux pr\u00e9mices de l&rsquo;art conceptuel, qui est une rupture majeure. C&rsquo;est aussi le moment <span style=\"color: #008000;\">des premi\u00e8res \u0153uvres pens\u00e9es au-del\u00e0 du mus\u00e9e<\/span> ou qui formulent une critique vis-\u00e0-vis du mus\u00e9e. Ainsi, je travaille, pour l&rsquo;ann\u00e9e prochaine, sur la collection contemporaine; la premi\u00e8re salle posera d&#8217;embl\u00e9e la question d&rsquo;un art au-del\u00e0 du mus\u00e9e, on y verra, entre autres, Marcel Broodthaers et Daniel Buren&nbsp;: deux figures fondatrices de cette critique institutionnelle dont on parle \u00e0 l&rsquo;envi aujourd&rsquo;hui.\u00a0\u00bb Q.&nbsp;: Vous travaillez actuellement sur la pr\u00e9sentation des collections contemporaines, qui sera inaugur\u00e9e en 2017. Quelle histoire allez-vous raconter? B.B.&nbsp;: Le public doit avoir les clefs pour saisir la cr\u00e9ation contemporaine. Que s&rsquo;est-il pass\u00e9 apr\u00e8s le nouveau r\u00e9alisme ou le pop art, qui, pour bien des gens, sont encore des mouvements contemporains? Qu&rsquo;est-que l&rsquo;invention de l&rsquo;art conceptuel? La pr\u00e9\u00e9minence des <span style=\"color: #008000;\">expressions artistiques des ann\u00e9es 1980?<\/span> Ce rapport aux installations et \u00e0 <span style=\"color: #008000;\">l&rsquo;environnement<\/span>? Ces \u0153uvres qu&rsquo;on p\u00e9n\u00e8tre, qui ne vous tiennent plus simplement comme un tableau, face \u00e0 elles ou \u00e0 distance? \u00a0\u00bb<\/p>\n<p><a href=\"http:\/\/lantb.net\/figure\/wp-content\/uploads\/2016\/06\/buchloh.Orozco.jpg\"><img loading=\"lazy\" decoding=\"async\" class=\"alignnone wp-image-1751\" src=\"http:\/\/lantb.net\/figure\/wp-content\/uploads\/2016\/06\/buchloh.Orozco.jpg\" alt=\"buchloh.Orozco\" width=\"640\" height=\"531\" srcset=\"http:\/\/lantb.net\/figure\/wp-content\/uploads\/2016\/06\/buchloh.Orozco.jpg 766w, http:\/\/lantb.net\/figure\/wp-content\/uploads\/2016\/06\/buchloh.Orozco-300x249.jpg 300w, http:\/\/lantb.net\/figure\/wp-content\/uploads\/2016\/06\/buchloh.Orozco-640x531.jpg 640w, http:\/\/lantb.net\/figure\/wp-content\/uploads\/2016\/06\/buchloh.Orozco-150x124.jpg 150w\" sizes=\"auto, (max-width: 640px) 100vw, 640px\" \/><br \/>\n<\/a>Bref texte de Buchloh sur Orozco (dossier p\u00e9dagogique de l&rsquo;exposition au Centre Pompidou)<\/p>\n","protected":false},"excerpt":{"rendered":"<p>En haut&nbsp;: J. Gonzo, La Mafia. 27.06.2016. Graffiti Art, Quartier Belleville, Paris. Hors mus\u00e9e, la filiation du graffiti art est celle des grands fresquistes Orozco, Rivera. L&rsquo;image de J.G. est aussi en \u00e9troite filiation avec le My Hands are My Heart (ci-dessus) de Gabriel Orozco, artiste international tout terrain, descendant d&rsquo;Orozco, ou encore de Francis &hellip; <a href=\"http:\/\/lantb.net\/figure\/?p=1232\" class=\"more-link\">Continuer la lecture de <span class=\"screen-reader-text\">Street Art et Land Art, fr\u00e8res d&rsquo;art contemporain<\/span><\/a><\/p>\n","protected":false},"author":1,"featured_media":0,"comment_status":"closed","ping_status":"closed","sticky":false,"template":"","format":"standard","meta":{"footnotes":""},"categories":[19,6,4],"tags":[],"class_list":["post-1232","post","type-post","status-publish","format-standard","hentry","category-art-contemporain","category-artiste","category-green-attitude"],"_links":{"self":[{"href":"http:\/\/lantb.net\/figure\/index.php?rest_route=\/wp\/v2\/posts\/1232","targetHints":{"allow":["GET"]}}],"collection":[{"href":"http:\/\/lantb.net\/figure\/index.php?rest_route=\/wp\/v2\/posts"}],"about":[{"href":"http:\/\/lantb.net\/figure\/index.php?rest_route=\/wp\/v2\/types\/post"}],"author":[{"embeddable":true,"href":"http:\/\/lantb.net\/figure\/index.php?rest_route=\/wp\/v2\/users\/1"}],"replies":[{"embeddable":true,"href":"http:\/\/lantb.net\/figure\/index.php?rest_route=%2Fwp%2Fv2%2Fcomments&post=1232"}],"version-history":[{"count":51,"href":"http:\/\/lantb.net\/figure\/index.php?rest_route=\/wp\/v2\/posts\/1232\/revisions"}],"predecessor-version":[{"id":2036,"href":"http:\/\/lantb.net\/figure\/index.php?rest_route=\/wp\/v2\/posts\/1232\/revisions\/2036"}],"wp:attachment":[{"href":"http:\/\/lantb.net\/figure\/index.php?rest_route=%2Fwp%2Fv2%2Fmedia&parent=1232"}],"wp:term":[{"taxonomy":"category","embeddable":true,"href":"http:\/\/lantb.net\/figure\/index.php?rest_route=%2Fwp%2Fv2%2Fcategories&post=1232"},{"taxonomy":"post_tag","embeddable":true,"href":"http:\/\/lantb.net\/figure\/index.php?rest_route=%2Fwp%2Fv2%2Ftags&post=1232"}],"curies":[{"name":"wp","href":"https:\/\/api.w.org\/{rel}","templated":true}]}}