{"id":1170,"date":"2016-05-30T17:36:57","date_gmt":"2016-05-30T16:36:57","guid":{"rendered":"http:\/\/lantb.net\/figure\/?p=1170"},"modified":"2019-12-26T00:21:50","modified_gmt":"2019-12-25T23:21:50","slug":"catherine-perret-de-la-pedagogie-a-la-cartographie","status":"publish","type":"post","link":"http:\/\/lantb.net\/figure\/?p=1170","title":{"rendered":"Catherine Perret. (Mi)lieux de vie, de la p\u00e9dagogie \u00e0 la cartographie"},"content":{"rendered":"<p><a href=\"http:\/\/www.editions-arachneen.fr\/?p=1764\" target=\"_blank\" rel=\"noopener\"><img loading=\"lazy\" decoding=\"async\" class=\"alignnone wp-image-1179\" src=\"http:\/\/lantb.net\/figure\/wp-content\/uploads\/2016\/05\/image-1-e1464825043705.jpg\" alt=\"image\" width=\"480\" height=\"633\" \/><\/a><br \/>\n<a href=\"http:\/\/www.editions-arachneen.fr\/?p=1523\" target=\"_blank\" rel=\"noopener\"><img loading=\"lazy\" decoding=\"async\" class=\"alignnone wp-image-1195\" src=\"http:\/\/lantb.net\/figure\/wp-content\/uploads\/2016\/05\/Couv_Oeuvresorange-e1465212170970.jpg\" alt=\"Couv_Oeuvresorange\" width=\"480\" height=\"431\" \/><\/a><br \/>\n\u00ab\u00a0Catherine Perret revient sur les fictions cartographiques men\u00e9es dans les C\u00e9vennes par Fernand Deligny. Se dessine d\u2019embl\u00e9e une distinction entre deux types de p\u00e9dagogies radicales: l\u2019une se r\u00e9f\u00e9rant \u00e0 la notion d\u2019institution scolaire et l\u2019autre \u00e0 celle de milieu scolaire\u00a0\u00bb. <a href=\"https:\/\/www.espazium.ch\/milieux-de-viede-la-pdagogie-la-cartographie\" target=\"_blank\" rel=\"noopener\">https:\/\/www.espazium.ch\/milieux-de-viede-la-pdagogie-la-cartographie. <\/a>lien &gt;\u00a0<a href=\"http:\/\/www.arpla.fr\/mu\/pedagogiesexperimentales\/conferences\/catherine-perret\/\" target=\"_blank\" rel=\"noopener\">http:\/\/www.arpla.fr\/mu\/pedagogiesexperimentales\/conferences\/catherine-perret<\/a>. Br\u00e8ve bio de Fernand Deligny &gt;\u00a0<a href=\"http:\/\/enfantsenjustice.fr\/spip.php?article73&amp;lettre=A#alphabet\" target=\"_blank\" rel=\"noopener\">http:\/\/enfantsenjustice.fr\/spip.php?article73&amp;lettre=A#alphabet<\/a>. La meilleure bio plus circonstanci\u00e9e&nbsp;: le fil des rencontres de Henri Wallon \u00e0 F\u00e9lix Guattari, \u00e0 Chris Marker. On d\u00e9couvre que la cam\u00e9ra devait se substituer \u00e0 la pratique des lignes d&rsquo;erre (cam\u00e9ra \/ cartographie), comme aux exercices litt\u00e9raires anthropologiques pour les \u00e9l\u00e8ves de Freinet.<a href=\"http:\/\/www.cineclubdecaen.com\/realisat\/deligny\/deligny.htm\" target=\"_blank\" rel=\"noopener\">http:\/\/www.cineclubdecaen.com\/realisat\/deligny\/deligny.htm<\/a><\/p>\n","protected":false},"excerpt":{"rendered":"<p>\u00ab\u00a0Catherine Perret revient sur les fictions cartographiques men\u00e9es dans les C\u00e9vennes par Fernand Deligny. Se dessine d\u2019embl\u00e9e une distinction entre deux types de p\u00e9dagogies radicales: l\u2019une se r\u00e9f\u00e9rant \u00e0 la notion d\u2019institution scolaire et l\u2019autre \u00e0 celle de milieu scolaire\u00a0\u00bb. https:\/\/www.espazium.ch\/milieux-de-viede-la-pdagogie-la-cartographie. lien &gt;\u00a0http:\/\/www.arpla.fr\/mu\/pedagogiesexperimentales\/conferences\/catherine-perret. Br\u00e8ve bio de Fernand Deligny &gt;\u00a0http:\/\/enfantsenjustice.fr\/spip.php?article73&amp;lettre=A#alphabet. La meilleure bio plus circonstanci\u00e9e&nbsp;: le &hellip; <a href=\"http:\/\/lantb.net\/figure\/?p=1170\" class=\"more-link\">Continuer la lecture de <span class=\"screen-reader-text\">Catherine Perret. (Mi)lieux de vie, de la p\u00e9dagogie \u00e0 la cartographie<\/span><\/a><\/p>\n","protected":false},"author":1,"featured_media":0,"comment_status":"closed","ping_status":"closed","sticky":false,"template":"","format":"standard","meta":{"footnotes":""},"categories":[75,5],"tags":[],"class_list":["post-1170","post","type-post","status-publish","format-standard","hentry","category-deleuze-guattari","category-reader"],"_links":{"self":[{"href":"http:\/\/lantb.net\/figure\/index.php?rest_route=\/wp\/v2\/posts\/1170","targetHints":{"allow":["GET"]}}],"collection":[{"href":"http:\/\/lantb.net\/figure\/index.php?rest_route=\/wp\/v2\/posts"}],"about":[{"href":"http:\/\/lantb.net\/figure\/index.php?rest_route=\/wp\/v2\/types\/post"}],"author":[{"embeddable":true,"href":"http:\/\/lantb.net\/figure\/index.php?rest_route=\/wp\/v2\/users\/1"}],"replies":[{"embeddable":true,"href":"http:\/\/lantb.net\/figure\/index.php?rest_route=%2Fwp%2Fv2%2Fcomments&post=1170"}],"version-history":[{"count":22,"href":"http:\/\/lantb.net\/figure\/index.php?rest_route=\/wp\/v2\/posts\/1170\/revisions"}],"predecessor-version":[{"id":5889,"href":"http:\/\/lantb.net\/figure\/index.php?rest_route=\/wp\/v2\/posts\/1170\/revisions\/5889"}],"wp:attachment":[{"href":"http:\/\/lantb.net\/figure\/index.php?rest_route=%2Fwp%2Fv2%2Fmedia&parent=1170"}],"wp:term":[{"taxonomy":"category","embeddable":true,"href":"http:\/\/lantb.net\/figure\/index.php?rest_route=%2Fwp%2Fv2%2Fcategories&post=1170"},{"taxonomy":"post_tag","embeddable":true,"href":"http:\/\/lantb.net\/figure\/index.php?rest_route=%2Fwp%2Fv2%2Ftags&post=1170"}],"curies":[{"name":"wp","href":"https:\/\/api.w.org\/{rel}","templated":true}]}}