{"id":1,"date":"2014-06-29T14:11:24","date_gmt":"2014-06-29T13:11:24","guid":{"rendered":"http:\/\/lantb.net\/figure\/?p=1"},"modified":"2014-09-26T09:05:00","modified_gmt":"2014-09-26T08:05:00","slug":"bonjour-tout-le-monde","status":"publish","type":"post","link":"http:\/\/lantb.net\/figure\/?p=1","title":{"rendered":"Gilles Cl\u00e9ment. Le paysage objet"},"content":{"rendered":"<p>In Gilles Cl\u00e9ment*, <a href=\"http:\/\/www.laffont.fr\/site\/eloge_des_vagabondes_&amp;100&amp;9782221144909.html\" target=\"_blank\"><em>\u00c9loge des vagabondes<\/em><\/a>**, <em>herbes, arbres et fleurs \u00e0 la conqu\u00eate du monde<\/em>, 2002, 2014<\/p>\n<p>Pp. 176-179<\/p>\n<p>\u00ab\u00a0\u00c0 travers les bonnes et les mauvaises herbes appara\u00eet l&rsquo;\u00e9pais dossier de la bonne et de la mauvaise nature, le bon et le mauvais paysage.*<\/p>\n<p>Le paysage objet<\/p>\n<p>\u00ab\u00a0Entre le bon et le mauvais se cale le beau aussi d\u00e9pourvu d&rsquo;objectivisation possible que les deux pr\u00e9c\u00e9dents. Situation contradictoire: le paysage r\u00e9duit \u00e0 l&rsquo;objet pour des raisons de commodit\u00e9s sociales demeure soumis \u00e0 la convention de r\u00e8gles arbitraires parfaitement subjectives, \u00e0 l&rsquo;humeur du temps. Un champ de colza est jug\u00e9 beau \u00e0 sa couleur mais aussi par la ma\u00eetrise de l&rsquo;espace, preuve d&rsquo;une lutte incessante de l&rsquo;homme contre les forces sauvages. Le m\u00eame spectacle produit par des milliers d&rsquo;\u0153noth\u00e8res -un jaune lumineux- sera jug\u00e9 d\u00e9sastreux, voire laid. Personne ne les a sem\u00e9es, elles sont venues seules. Inadmissible. Quelques po\u00e8tes trouveront du bonheur \u00e0 leur contemplation. Les po\u00e8tes ont le dos rond et l&rsquo;\u00e9chine solide. On peut les habiller d&rsquo;irresponsables d\u00e9sirs.<br \/>\nPour l&rsquo;essentiel de notre regard, le paysage se divise en trois cat\u00e9gories plastiques:<br \/>\n\u2014 l&rsquo;une enti\u00e8rement remise \u00e0 la nature: le paysage sauvage;<br \/>\n\u2014 l&rsquo;autre, soumise \u00e0 rentabilisation, revient aux exploitants agricoles, industriels, forestiers;<br \/>\n\u2014l a derni\u00e8re, confi\u00e9e \u00e0 l'\u00a0\u00bbartiste\u00a0\u00bb, produit la ville, les ouvrages d&rsquo;art, les installations diverses.<br \/>\nAucune de ces cat\u00e9gories n&rsquo;int\u00e8gre s\u00e9rieusement la dimension du vivant. La \u00ab\u00a0beaut\u00e9 biologique\u00a0\u00bb n&rsquo;existe pas. On s&rsquo;extasie devant les prodiges de la nature mais ces prodiges ne donnent lieu \u00e0 aucune figure d\u00e9finissable. Notre habitude \u00e0 juger le beau est si intimement li\u00e9e \u00e0 la forme que la part invisible des prodiges, celle qui pourrait en faire le sujet m\u00eame, nous demeure cach\u00e9e.<br \/>\nLe paysage fait l&rsquo;objet d&rsquo;analyses savantes. Apr\u00e8s avoir v\u00e9cu les heures heureuses, car insouciantes, de la peinture impressionniste, il entre dans l&rsquo;Histoire par la porte \u00e0 chicanes des textes administratifs: c&rsquo;est un objet politique. Le voici d\u00e9fini et rang\u00e9 en cat\u00e9gories. Sur lui s&rsquo;abat la grille des lois ainsi qu&rsquo;en typologie bien ordonn\u00e9e. Est-il alpin, forestier, rural, urbain, maritime, class\u00e9 ou d\u00e9laiss\u00e9? Pour lui un code, une v\u00e9ritable hi\u00e9rarchie d&rsquo;ordonnances et de r\u00e8gles. Une \u00ab\u00a0Convention\u00a0\u00bb europ\u00e9enne du paysage vient de na\u00eetre. Le ton est donn\u00e9&nbsp;: tout dans le paysage est d\u00e9sormais \u00ab\u00a0convenu\u00a0\u00bb. La fronti\u00e8re entre les classes fait na\u00eetre un vocabulaire comptable, \u00e9vacuant les chevauchements et les imbrications: on est urbain ou rural, pas les deux \u00e0 la fois. C&rsquo;est oublier la lisi\u00e8re et son \u00e9paisseur naturelle. Que faire d&rsquo;une telle incertitude, plage insaisissable o\u00f9 les \u00eatres foisonnants brouillent la vue? Le cadastre dit: un trait pour la limite, deux pour le chemin, l\u00e0 commence la campagne, ici la ville, ici le secteur class\u00e9, l\u00e0 une ZUP, une ZNIEF, enfin quelque chose de clair. Tel est le POS ou le PLU!<br \/>\nMais que fait le lapin? Et l&rsquo;oiseau, et le vent? Et le paysan?&#8230; Que font les vagabondes?<br \/>\nObjet de pouvoir, \u00e9tendard national ou \u0153uvre d&rsquo;art, r\u00e9ifi\u00e9 par les textes qui en d\u00e9finissent les contours, le paysage devient objet tout court.<br \/>\nJamais il n&rsquo;est question d&rsquo;un lieu de vie. Sauf, incidemment, pour en saisir les vertus touristiques, engager le tout dans la vaste marchandisation du monde. La patrimonalisation des biens de nature particip\u00e9 de ce principe. Ici on met en r\u00e9serve, l\u00e0 on classe. Ainsi mus\u00e9ifi\u00e9e, la nature rassure.<br \/>\nLe pays de Saint-\u00c9milion vient d&rsquo;\u00eatre class\u00e9 par l&rsquo;UNESCO comme patrimoine mondial de l&rsquo;humanit\u00e9. Au cas o\u00f9 l&rsquo;humanit\u00e9 viendrait \u00e0 se d\u00e9sint\u00e9resser des vignes, abandonnant cette pratique paysag\u00e8re pour un commerce plus rentable (tout peut arriver) on pr\u00e9voit de maintenir le paysage class\u00e9 par assistance afin de ne pas perdre le \u00ab\u00a0patrimoine\u00a0\u00bb. Le paysage se trouve ainsi cartographi\u00e9 dans le temps et dans l&rsquo;espace de fa\u00e7on technocratique, donc rentable. La plan\u00e8te, objet d&rsquo;art et de loisir , offre autant d&rsquo;aires de jeux que l&rsquo;on veut. Pr\u00e9voir un circuit, installer des balises, organiser la logistique d&rsquo;accueil et d&rsquo;encadrement, alerter les assurances. Puis lancer une campagne de publicit\u00e9. N&rsquo;importe quel fragment territorial s&rsquo;y pr\u00eate. Il suffit d&rsquo;y d\u00e9celer un caract\u00e8re embl\u00e9matique pour le r\u00e9duire en logo. Le paysage n&rsquo;est pas un territoire de vie, c&rsquo;est un slogan.<br \/>\nLes artistes ne s&rsquo;y trompent pas. Ils saisissent le paysage comme une toile, un support, pour manifester. Ce faisant ils d\u00e9noncent le monde en r\u00e9v\u00e9lant \u00e0 la fois un site et leur art. \u00c0 qui profite la publicit\u00e9, au paysage ou \u00e0 l&rsquo;auteur? Aux deux? Le paysage existerait pour le regardeur. Il y aurait donc, \u00e0 un moment donn\u00e9, un \u00ab\u00a0auteur du paysage\u00a0\u00bb. Lorsque Cazenaux photographie un vieil eucalyptus au nord d&rsquo;Ad\u00e9la\u00efde en 1890, il fait rentrer l&rsquo;arbre dans l&rsquo;Histoire aussit\u00f4t apr\u00e8s y \u00eatre entr\u00e9 lui-m\u00eame. Aujourd&rsquo;hui le site de Cazenaux est class\u00e9.<br \/>\nL&rsquo;acc\u00e8s au statut de patrimoine guette le moindre fragment de territoire sit\u00f4t pos\u00e9 sur lui le regard artistique.\u00a0\u00bb<\/p>\n<blockquote><p>Notes<\/p><\/blockquote>\n<p>* Gilles Cl\u00e9ment, l&rsquo;Art des jardins,<\/p>\n<p><iframe loading=\"lazy\" src=\"\/\/www.youtube.com\/embed\/xM7P7MzPxFs\" width=\"560\" height=\"315\" frameborder=\"0\" allowfullscreen=\"allowfullscreen\"><\/iframe><br \/>\nLien &gt; esth\u00e9tique du jardin en mouvement selon Gilles Cl\u00e9ment <a href=\"http:\/\/www.gillesclement.com\/cat-mouvement-tit-Le-Jardin-en-Mouvement\">http:\/\/www.gillesclement.com\/cat-mouvement-tit-Le-Jardin-en-Mouvement<\/a><\/p>\n<p>** Ces plantes vagabondes dont Gilles Cl\u00e9ment fait l&rsquo;\u00e9loge circonstanci\u00e9, rationnel et rassurant, dans son livre pr\u00e9monitoire <em>\u00c9loge des vagabondes <\/em>(2002), font aujourd&rsquo;hui l&rsquo;objet d&rsquo;une \u00ab\u00a0liste noire\u00a0\u00bb dress\u00e9e par l&rsquo;Union europ\u00e9enne: \u00ab\u00a0L\u2019UE va se doter d\u2019ici \u00e0 2016 d\u2019un cadre juridique pour lutter contre les esp\u00e8ces exotiques invasives. Douze milliards d\u2019euros&nbsp;: c\u2019est, selon la Commission europ\u00e9enne, le co\u00fbt annuel des dommages caus\u00e9s aux Etats membres par les esp\u00e8ces exotiques envahissantes. Selon Bruxelles, 12 000 esp\u00e8ces allochtones ont \u00e9t\u00e9 recens\u00e9es en Europe. 15% sont \u00abenvahissantes\u00bb, au sens de la Convention sur la diversit\u00e9 biologique&nbsp;: \u00abEsp\u00e8ce introduite par l\u2019homme hors de son aire de r\u00e9partition naturelle, volontairement ou accidentellement, dont la propagation menace la biodiversit\u00e9 et peut avoir des impacts n\u00e9gatifs sur l\u2019\u00e9conomie et-ou la sant\u00e9.\u00bb La \u00abliste noire\u00bb doit \u00eatre avalis\u00e9e par le Parlement europ\u00e9en d\u00e9but avril 2014, (date de la r\u00e9\u00e9dition du livre de Cl\u00e9ment). Importation, commerce, utilisation ou lib\u00e9ration dans la nature des v\u00e9g\u00e9taux, animaux et micro-organismes recens\u00e9s seront interdits. Les Etats devront analyser les canaux d\u2019entr\u00e9e de ces envahisseurs et \u00e9tablir des sanctions pour les contrevenants. Ils devront aussi prendre des mesures de gestion pour les esp\u00e8ces trop largement r\u00e9pandues pour pouvoir \u00eatre \u00e9radiqu\u00e9es.\u00a0\u00bb Extrait d&rsquo;un article paru dans <em>Lib\u00e9ration<\/em> 27 mars 2014.<br \/>\nUn documentaire sur cette question, non circonstanci\u00e9, unilat\u00e9ral, b\u00eatement anxiog\u00e8ne dans sa forme m\u00eame, en bref <a href=\"http:\/\/books.google.fr\/books?id=mJBFAwAAQBAJ&amp;pg=PT42&amp;lpg=PT42&amp;dq=phytoxenophobe&amp;source=bl&amp;ots=2fhCJBNUxW&amp;sig=6kqpPniDZ6riqpnV3fjF2B-QR8M&amp;hl=fr&amp;sa=X&amp;ei=D9jEU7yPOeTC0QWpkoD4Ag&amp;ved=0CA0Q6AEwAA\">phytox\u00e9nophobe<\/a>, est programm\u00e9 \u00e0 ce jour sur <a href=\"http:\/\/future.arte.tv\/fr\/les-plantes-invasives\" target=\"_blank\">http:\/\/future.arte.tv\/fr\/les-plantes-invasives<\/a><br \/>\nPour preuve de cette phytox\u00e9nophobie \u00e0 l&rsquo;\u00e9gard de l&rsquo;ambroisie, dans <em>\u00c9loge des vagabondes,<\/em> il est dit \u00e0 propos de l&rsquo;expansion de cette vagabonde suscitant des allergies s\u00e9v\u00e8res p. 80 \u00ab\u00a0les raisons de sa propagation sont bien connues mais s&rsquo;attaquer aux causes reviendrait \u00e0 bouleverser le syst\u00e8me qui r\u00e8gle notre vie \u00e9conomique et sociale. Elle se d\u00e9veloppe parce qu&rsquo;on la multiplie.\u00a0\u00bb P. 82: \u00ab\u00a0son extension n&rsquo;aurait jamais atteint les proportions qu&rsquo;on lui conna\u00eet dans la r\u00e9gion lyonnaise (environ 100 000 personnes par an souffrent d&rsquo;allergie) sans les pratiques agricoles d\u00e9velopp\u00e9es depuis 1970 ( sols ouverts par le soc des charrues)\u00a0\u00bb rempla\u00e7ables par la m\u00e9thode des semis directs exp\u00e9riment\u00e9s par le CIRAD.<\/p>\n<p>* Qu&rsquo;en est-il de ce terrible projet de mus\u00e9e des arts de la Chine (Namoc) de Jean Nouvel \u00e0 P\u00e9kin et dont Cl\u00e9ment est le paysagiste:<br \/>\n\u00ab\u00a0Le Namoc sera dot\u00e9 d\u2019un jardin int\u00e9rieur aux couleurs changeantes selon les saisons et prot\u00e9g\u00e9 par une r\u00e9sille&nbsp;; sous le b\u00e2timent, le hall d\u2019\u00e9t\u00e9 sera coiff\u00e9 par une vo\u00fbte or p\u00e2le, peinte et grav\u00e9e. A proximit\u00e9 de l\u2019\u00e9difice, 153 drapeaux rouges seront plant\u00e9s sur une petite colline. L\u2019am\u00e9nagement v\u00e9g\u00e9tal est confi\u00e9 au paysagiste Gilles Cl\u00e9ment.<br \/>\nConstruit en pierre, en verre et en m\u00e9tal, le b\u00e2timent \u00e9voque le premier trait d\u2019encre d\u2019un calligraphe. \u00ab Le Namoc s\u2019inscrit dans l\u2019espace comme un fragment d\u2019id\u00e9ogramme qu\u2019un artiste aurait longuement travaill\u00e9 pour lui donner tout \u00e0 la fois cette impression de ma\u00eetrise et de volontaire inach\u00e8vement&nbsp;: il s\u2019impose en se d\u00e9collant du sol, il s\u2019inscrit dans le ciel \u00bb, indique Jean Nouvel. Le projet aujourd\u2019hui propos\u00e9 est le r\u00e9sultat d\u2019un an de catalyse, d\u2019immersions, de dialogues, d\u2019explorations pour traduire, synth\u00e9tiser, symboliser puis mat\u00e9rialiser l\u2019esprit de la civilisation chinoise\u2026 \u00bb<\/p>\n","protected":false},"excerpt":{"rendered":"<p>In Gilles Cl\u00e9ment*, \u00c9loge des vagabondes**, herbes, arbres et fleurs \u00e0 la conqu\u00eate du monde, 2002, 2014 Pp. 176-179 \u00ab\u00a0\u00c0 travers les bonnes et les mauvaises herbes appara\u00eet l&rsquo;\u00e9pais dossier de la bonne et de la mauvaise nature, le bon et le mauvais paysage.* Le paysage objet \u00ab\u00a0Entre le bon et le mauvais se cale &hellip; <a href=\"http:\/\/lantb.net\/figure\/?p=1\" class=\"more-link\">Continuer la lecture de <span class=\"screen-reader-text\">Gilles Cl\u00e9ment. Le paysage objet<\/span><\/a><\/p>\n","protected":false},"author":1,"featured_media":0,"comment_status":"closed","ping_status":"closed","sticky":false,"template":"","format":"standard","meta":{"footnotes":""},"categories":[4],"tags":[],"class_list":["post-1","post","type-post","status-publish","format-standard","hentry","category-green-attitude"],"_links":{"self":[{"href":"http:\/\/lantb.net\/figure\/index.php?rest_route=\/wp\/v2\/posts\/1","targetHints":{"allow":["GET"]}}],"collection":[{"href":"http:\/\/lantb.net\/figure\/index.php?rest_route=\/wp\/v2\/posts"}],"about":[{"href":"http:\/\/lantb.net\/figure\/index.php?rest_route=\/wp\/v2\/types\/post"}],"author":[{"embeddable":true,"href":"http:\/\/lantb.net\/figure\/index.php?rest_route=\/wp\/v2\/users\/1"}],"replies":[{"embeddable":true,"href":"http:\/\/lantb.net\/figure\/index.php?rest_route=%2Fwp%2Fv2%2Fcomments&post=1"}],"version-history":[{"count":0,"href":"http:\/\/lantb.net\/figure\/index.php?rest_route=\/wp\/v2\/posts\/1\/revisions"}],"wp:attachment":[{"href":"http:\/\/lantb.net\/figure\/index.php?rest_route=%2Fwp%2Fv2%2Fmedia&parent=1"}],"wp:term":[{"taxonomy":"category","embeddable":true,"href":"http:\/\/lantb.net\/figure\/index.php?rest_route=%2Fwp%2Fv2%2Fcategories&post=1"},{"taxonomy":"post_tag","embeddable":true,"href":"http:\/\/lantb.net\/figure\/index.php?rest_route=%2Fwp%2Fv2%2Ftags&post=1"}],"curies":[{"name":"wp","href":"https:\/\/api.w.org\/{rel}","templated":true}]}}